{"id":6682,"date":"2025-09-03T14:14:57","date_gmt":"2025-09-03T11:14:57","guid":{"rendered":"https:\/\/drzewo.ua\/?p=6682"},"modified":"2025-09-03T15:08:56","modified_gmt":"2025-09-03T12:08:56","slug":"dofinansowanie-z-kancelarii-senatu-rzeczypospolitej-polskiej","status":"publish","type":"post","link":"https:\/\/drzewo.ua\/pl\/blog\/dofinansowanie-z-kancelarii-senatu-rzeczypospolitej-polskiej\/","title":{"rendered":"Dofinansowanie z Kancelarii Senatu Rzeczypospolitej Polskiej"},"content":{"rendered":"<div class=\"xdj266r x14z9mp xat24cr x1lziwak x1vvkbs x126k92a\">\n<div dir=\"auto\">\n<p>Organizacja Polskie Centrum Kulturalno-Edukacyjne &#8222;Drzewo&#8221; uzyska\u0142a z Kancelarii Senatu Rzeczypospolitej Polskiej dofinansowanie na realizacj\u0119 dzia\u0142ania pt. <b>\u201eWarsztaty dla nauczycieli j\u0119zyka polskiego z ca\u0142ej Ukrainy w Jaremczu.<\/b><\/p>\n<\/div>\n<\/div>\n<div class=\"x14z9mp xat24cr x1lziwak x1vvkbs xtlvy1s x126k92a\">\n<div dir=\"auto\">\n<p>Dzia\u0142anie realizowane jest w okresie 01.01.2025 r. \u2013 31.12.2025 r.<\/p>\n<\/div>\n<div dir=\"auto\">\n<p>Kr\u00f3tki opis dzia\u0142ania: dzia\u0142anie przewiduje organizacj\u0119 warsztat\u00f3w, i wyk\u0142ad\u00f3w dla 16 nauczycieli j\u0119zyka polskiego w Jaremczy. Projekt b\u0119dzie trwa\u0142 5 dni. \u0141\u0105cznie wyk\u0142ady b\u0119d\u0105 trwa\u0142y 21 godzin\u0119. Po uko\u0144czeniu kursu, uczestnicy otrzymaj\u0105 certyfikaty.<\/p>\n<\/div>\n<\/div>\n<div class=\"x14z9mp xat24cr x1lziwak x1vvkbs xtlvy1s x126k92a\">\n<div dir=\"auto\">Warto\u015b\u0107 dofinansowania w 2025 r.: 33 964,00 z\u0142<\/div>\n<div dir=\"auto\">Ca\u0142kowita warto\u015b\u0107 dzia\u0142ania w 2025 r.: 35 964,00 z\u0142<\/div>\n<div dir=\"auto\">\n<p>Data podpisania umowy: lipiec 2025 r.<\/p>\n<\/div>\n<\/div>\n<div class=\"x14z9mp xat24cr x1lziwak x1vvkbs xtlvy1s x126k92a\"><\/div>\n<div class=\"x14z9mp xat24cr x1lziwak x1vvkbs xtlvy1s x126k92a\">\n<div dir=\"auto\">\n<div>\n<div dir=\"auto\"><strong>Zadanie publiczne dofinansowane ze \u015brodk\u00f3w bud\u017cetu pa\u0144stwa w ramach sprawowania opieki Senatu Rzeczypospolitej Polskiej nad Poloni\u0105 i Polakami za granic\u0105 w 2025 roku w ramach konkursu \u201eSenat \u2013 Polonia 2025\u201d.<\/strong><\/div>\n<div dir=\"auto\"><\/div>\n<\/div>\n<div>\n<div dir=\"auto\"><strong>Projekt &#8222;Wsparcie polonijnych inicjatyw edukacyjnych &#8211; konferencje i warsztaty&#8221;\u00a0realizowany przez Fundacj\u0119 Wolno\u015b\u0107 i Demokracja.<\/strong><\/div>\n<\/div>\n<\/div>\n<\/div>\n<div dir=\"auto\"><\/div>\n<div dir=\"auto\"><img loading=\"lazy\" decoding=\"async\" class=\"aligncenter wp-image-6689 size-large\" src=\"https:\/\/media.drzewo.ua\/wp-content\/uploads\/2025\/09\/03142717\/%D0%97%D0%BD%D1%96%D0%BC%D0%BE%D0%BA-%D0%B5%D0%BA%D1%80%D0%B0%D0%BD%D0%B0-2025-09-03-%D0%BE-14.27.08-700x240.png\" alt=\"\" width=\"700\" height=\"240\" srcset=\"https:\/\/media.drzewo.ua\/wp-content\/uploads\/2025\/09\/03142717\/%D0%97%D0%BD%D1%96%D0%BC%D0%BE%D0%BA-%D0%B5%D0%BA%D1%80%D0%B0%D0%BD%D0%B0-2025-09-03-%D0%BE-14.27.08-700x240.png 700w, https:\/\/media.drzewo.ua\/wp-content\/uploads\/2025\/09\/03142717\/%D0%97%D0%BD%D1%96%D0%BC%D0%BE%D0%BA-%D0%B5%D0%BA%D1%80%D0%B0%D0%BD%D0%B0-2025-09-03-%D0%BE-14.27.08-250x86.png 250w, https:\/\/media.drzewo.ua\/wp-content\/uploads\/2025\/09\/03142717\/%D0%97%D0%BD%D1%96%D0%BC%D0%BE%D0%BA-%D0%B5%D0%BA%D1%80%D0%B0%D0%BD%D0%B0-2025-09-03-%D0%BE-14.27.08-768x264.png 768w, https:\/\/media.drzewo.ua\/wp-content\/uploads\/2025\/09\/03142717\/%D0%97%D0%BD%D1%96%D0%BC%D0%BE%D0%BA-%D0%B5%D0%BA%D1%80%D0%B0%D0%BD%D0%B0-2025-09-03-%D0%BE-14.27.08-1536x528.png 1536w, https:\/\/media.drzewo.ua\/wp-content\/uploads\/2025\/09\/03142717\/%D0%97%D0%BD%D1%96%D0%BC%D0%BE%D0%BA-%D0%B5%D0%BA%D1%80%D0%B0%D0%BD%D0%B0-2025-09-03-%D0%BE-14.27.08-2048x703.png 2048w, https:\/\/media.drzewo.ua\/wp-content\/uploads\/2025\/09\/03142717\/%D0%97%D0%BD%D1%96%D0%BC%D0%BE%D0%BA-%D0%B5%D0%BA%D1%80%D0%B0%D0%BD%D0%B0-2025-09-03-%D0%BE-14.27.08-120x41.png 120w, https:\/\/media.drzewo.ua\/wp-content\/uploads\/2025\/09\/03142717\/%D0%97%D0%BD%D1%96%D0%BC%D0%BE%D0%BA-%D0%B5%D0%BA%D1%80%D0%B0%D0%BD%D0%B0-2025-09-03-%D0%BE-14.27.08-600x206.png 600w\" sizes=\"auto, (max-width: 700px) 100vw, 700px\" \/><\/div>\n","protected":false},"excerpt":{"rendered":"Organizacja Polskie Centrum Kulturalno-Edukacyjne &#8222;Drzewo&#8221; uzyska\u0142a z Kancelarii Senatu Rzeczypospolitej Polskiej dofinansowanie na realizacj\u0119 dzia\u0142ania pt. \u201eWarsztaty dla nauczycieli j\u0119zyka polskiego z ca\u0142ej Ukrainy w Jaremczu. Dzia\u0142anie realizowane jest w okresie 01.01.2025 r. \u2013 31.12.2025 r. Kr\u00f3tki opis dzia\u0142ania: dzia\u0142anie przewiduje organizacj\u0119 warsztat\u00f3w, i wyk\u0142ad\u00f3w dla 16 nauczycieli j\u0119zyka polskiego w Jaremczy. Projekt b\u0119dzie trwa\u0142&#8230; <a class=\"view-article\" href=\"https:\/\/drzewo.ua\/pl\/blog\/dofinansowanie-z-kancelarii-senatu-rzeczypospolitej-polskiej\/\">Czyta\u0107 dalej<\/a>","protected":false},"author":2,"featured_media":6654,"comment_status":"closed","ping_status":"open","sticky":false,"template":"","format":"standard","meta":{"_glsr_average":0,"_glsr_ranking":0,"_glsr_reviews":0,"_jetpack_memberships_contains_paid_content":false,"footnotes":""},"categories":[1],"tags":[],"class_list":["post-6682","post","type-post","status-publish","format-standard","has-post-thumbnail","hentry","category-blog"],"translation":{"provider":"WPGlobus","version":"3.0.2","language":"pl","enabled_languages":["uk","pl"],"languages":{"uk":{"title":true,"content":true,"excerpt":false},"pl":{"title":false,"content":false,"excerpt":false}}},"yoast_head":"<!-- This site is optimized with the Yoast SEO plugin v27.3 - https:\/\/yoast.com\/product\/yoast-seo-wordpress\/ -->\n<title>Dofinansowanie z Kancelarii Senatu Rzeczypospolitej Polskiej - Polskie Centrum Kulturalno-Edukacyjne Drzewo<\/title>\n<meta name=\"robots\" content=\"index, follow, max-snippet:-1, max-image-preview:large, max-video-preview:-1\" \/>\n<link rel=\"canonical\" href=\"https:\/\/drzewo.ua\/blog\/dofinansowanie-z-kancelarii-senatu-rzeczypospolitej-polskiej\/\" \/>\n<meta property=\"og:locale\" content=\"pl_PL\" \/>\n<meta property=\"og:type\" content=\"article\" \/>\n<meta property=\"og:title\" content=\"Dofinansowanie z Kancelarii Senatu Rzeczypospolitej Polskiej - Polskie Centrum Kulturalno-Edukacyjne Drzewo\" \/>\n<meta property=\"og:url\" content=\"https:\/\/drzewo.ua\/blog\/dofinansowanie-z-kancelarii-senatu-rzeczypospolitej-polskiej\/\" \/>\n<meta property=\"og:site_name\" content=\"Polskie Centrum Kulturalno-Edukacyjne Drzewo\" \/>\n<meta property=\"article:publisher\" content=\"https:\/\/www.facebook.com\/drzewo.polski\/\" \/>\n<meta property=\"article:published_time\" content=\"2025-09-03T11:14:57+00:00\" \/>\n<meta property=\"article:modified_time\" content=\"2025-09-03T12:08:56+00:00\" \/>\n<meta property=\"og:image\" content=\"https:\/\/media.drzewo.ua\/wp-content\/uploads\/2025\/08\/21153208\/%D0%97%D0%BD%D1%96%D0%BC%D0%BE%D0%BA-%D0%B5%D0%BA%D1%80%D0%B0%D0%BD%D0%B0-2025-08-21-%D0%BE-15.31.53.png\" \/>\n\t<meta property=\"og:image:width\" content=\"740\" \/>\n\t<meta property=\"og:image:height\" content=\"538\" \/>\n\t<meta property=\"og:image:type\" content=\"image\/png\" \/>\n<meta name=\"author\" content=\"Margaryta Kondratenko\" \/>\n<meta name=\"twitter:card\" content=\"summary_large_image\" \/>\n<meta name=\"twitter:label1\" content=\"Napisane przez\" \/>\n\t<meta name=\"twitter:data1\" content=\"Margaryta Kondratenko\" \/>\n\t<meta name=\"twitter:label2\" content=\"Szacowany czas czytania\" \/>\n\t<meta name=\"twitter:data2\" content=\"2 minuty\" \/>\n<script type=\"application\/ld+json\" class=\"yoast-schema-graph\">{\"@context\":\"https:\\\/\\\/schema.org\",\"@graph\":[{\"@type\":\"Article\",\"@id\":\"https:\\\/\\\/drzewo.ua\\\/blog\\\/dofinansowanie-z-kancelarii-senatu-rzeczypospolitej-polskiej\\\/#article\",\"isPartOf\":{\"@id\":\"https:\\\/\\\/drzewo.ua\\\/blog\\\/dofinansowanie-z-kancelarii-senatu-rzeczypospolitej-polskiej\\\/\"},\"author\":{\"name\":\"Margaryta Kondratenko\",\"@id\":\"https:\\\/\\\/drzewo.ua\\\/#\\\/schema\\\/person\\\/e61b3fc5aef08e2b060978750d8c07d7\"},\"headline\":\"Dofinansowanie z Kancelarii Senatu Rzeczypospolitej Polskiej\",\"datePublished\":\"2025-09-03T11:14:57+00:00\",\"dateModified\":\"2025-09-03T12:08:56+00:00\",\"mainEntityOfPage\":{\"@id\":\"https:\\\/\\\/drzewo.ua\\\/blog\\\/dofinansowanie-z-kancelarii-senatu-rzeczypospolitej-polskiej\\\/\"},\"wordCount\":149,\"publisher\":{\"@id\":\"https:\\\/\\\/drzewo.ua\\\/#organization\"},\"image\":{\"@id\":\"https:\\\/\\\/drzewo.ua\\\/blog\\\/dofinansowanie-z-kancelarii-senatu-rzeczypospolitej-polskiej\\\/#primaryimage\"},\"thumbnailUrl\":\"https:\\\/\\\/media.drzewo.ua\\\/wp-content\\\/uploads\\\/2025\\\/08\\\/21153208\\\/%D0%97%D0%BD%D1%96%D0%BC%D0%BE%D0%BA-%D0%B5%D0%BA%D1%80%D0%B0%D0%BD%D0%B0-2025-08-21-%D0%BE-15.31.53.png\",\"articleSection\":[\"Wiadomo\u015bci\"],\"inLanguage\":\"pl-PL\"},{\"@type\":\"WebPage\",\"@id\":\"https:\\\/\\\/drzewo.ua\\\/blog\\\/dofinansowanie-z-kancelarii-senatu-rzeczypospolitej-polskiej\\\/\",\"url\":\"https:\\\/\\\/drzewo.ua\\\/blog\\\/dofinansowanie-z-kancelarii-senatu-rzeczypospolitej-polskiej\\\/\",\"name\":\"Dofinansowanie z Kancelarii Senatu Rzeczypospolitej Polskiej - Polskie Centrum Kulturalno-Edukacyjne Drzewo\",\"isPartOf\":{\"@id\":\"https:\\\/\\\/drzewo.ua\\\/#website\"},\"primaryImageOfPage\":{\"@id\":\"https:\\\/\\\/drzewo.ua\\\/blog\\\/dofinansowanie-z-kancelarii-senatu-rzeczypospolitej-polskiej\\\/#primaryimage\"},\"image\":{\"@id\":\"https:\\\/\\\/drzewo.ua\\\/blog\\\/dofinansowanie-z-kancelarii-senatu-rzeczypospolitej-polskiej\\\/#primaryimage\"},\"thumbnailUrl\":\"https:\\\/\\\/media.drzewo.ua\\\/wp-content\\\/uploads\\\/2025\\\/08\\\/21153208\\\/%D0%97%D0%BD%D1%96%D0%BC%D0%BE%D0%BA-%D0%B5%D0%BA%D1%80%D0%B0%D0%BD%D0%B0-2025-08-21-%D0%BE-15.31.53.png\",\"datePublished\":\"2025-09-03T11:14:57+00:00\",\"dateModified\":\"2025-09-03T12:08:56+00:00\",\"breadcrumb\":{\"@id\":\"https:\\\/\\\/drzewo.ua\\\/blog\\\/dofinansowanie-z-kancelarii-senatu-rzeczypospolitej-polskiej\\\/#breadcrumb\"},\"inLanguage\":\"pl-PL\",\"potentialAction\":[{\"@type\":\"ReadAction\",\"target\":[\"https:\\\/\\\/drzewo.ua\\\/blog\\\/dofinansowanie-z-kancelarii-senatu-rzeczypospolitej-polskiej\\\/\"]}]},{\"@type\":\"ImageObject\",\"inLanguage\":\"pl-PL\",\"@id\":\"https:\\\/\\\/drzewo.ua\\\/blog\\\/dofinansowanie-z-kancelarii-senatu-rzeczypospolitej-polskiej\\\/#primaryimage\",\"url\":\"https:\\\/\\\/media.drzewo.ua\\\/wp-content\\\/uploads\\\/2025\\\/08\\\/21153208\\\/%D0%97%D0%BD%D1%96%D0%BC%D0%BE%D0%BA-%D0%B5%D0%BA%D1%80%D0%B0%D0%BD%D0%B0-2025-08-21-%D0%BE-15.31.53.png\",\"contentUrl\":\"https:\\\/\\\/media.drzewo.ua\\\/wp-content\\\/uploads\\\/2025\\\/08\\\/21153208\\\/%D0%97%D0%BD%D1%96%D0%BC%D0%BE%D0%BA-%D0%B5%D0%BA%D1%80%D0%B0%D0%BD%D0%B0-2025-08-21-%D0%BE-15.31.53.png\",\"width\":740,\"height\":538},{\"@type\":\"BreadcrumbList\",\"@id\":\"https:\\\/\\\/drzewo.ua\\\/blog\\\/dofinansowanie-z-kancelarii-senatu-rzeczypospolitej-polskiej\\\/#breadcrumb\",\"itemListElement\":[{\"@type\":\"ListItem\",\"position\":1,\"name\":\"Home\",\"item\":\"https:\\\/\\\/drzewo.ua\\\/\"},{\"@type\":\"ListItem\",\"position\":2,\"name\":\"Dofinansowanie z Kancelarii Senatu Rzeczypospolitej Polskiej\"}]},{\"@type\":\"WebSite\",\"@id\":\"https:\\\/\\\/drzewo.ua\\\/#website\",\"url\":\"https:\\\/\\\/drzewo.ua\\\/\",\"name\":\"Polskie Centrum Kulturalno-Edukacyjne Drzewo\",\"description\":\"J\u0119zyk polski\",\"publisher\":{\"@id\":\"https:\\\/\\\/drzewo.ua\\\/#organization\"},\"potentialAction\":[{\"@type\":\"SearchAction\",\"target\":{\"@type\":\"EntryPoint\",\"urlTemplate\":\"https:\\\/\\\/drzewo.ua\\\/?s={search_term_string}\"},\"query-input\":{\"@type\":\"PropertyValueSpecification\",\"valueRequired\":true,\"valueName\":\"search_term_string\"}}],\"inLanguage\":\"pl-PL\"},{\"@type\":\"Organization\",\"@id\":\"https:\\\/\\\/drzewo.ua\\\/#organization\",\"name\":\"Polskie Centrum Kulturalno-Edukacyjne \\\"Drzewo\\\"\",\"url\":\"https:\\\/\\\/drzewo.ua\\\/\",\"logo\":{\"@type\":\"ImageObject\",\"inLanguage\":\"pl-PL\",\"@id\":\"https:\\\/\\\/drzewo.ua\\\/#\\\/schema\\\/logo\\\/image\\\/\",\"url\":\"https:\\\/\\\/drevo-online.com\\\/wp-content\\\/uploads\\\/2018\\\/12\\\/banner.jpg\",\"contentUrl\":\"https:\\\/\\\/drevo-online.com\\\/wp-content\\\/uploads\\\/2018\\\/12\\\/banner.jpg\",\"width\":1280,\"height\":323,\"caption\":\"Polskie Centrum Kulturalno-Edukacyjne \\\"Drzewo\\\"\"},\"image\":{\"@id\":\"https:\\\/\\\/drzewo.ua\\\/#\\\/schema\\\/logo\\\/image\\\/\"},\"sameAs\":[\"https:\\\/\\\/www.facebook.com\\\/drzewo.polski\\\/\",\"https:\\\/\\\/www.instagram.com\\\/drzewo.online\\\/\"]},{\"@type\":\"Person\",\"@id\":\"https:\\\/\\\/drzewo.ua\\\/#\\\/schema\\\/person\\\/e61b3fc5aef08e2b060978750d8c07d7\",\"name\":\"Margaryta Kondratenko\",\"image\":{\"@type\":\"ImageObject\",\"inLanguage\":\"pl-PL\",\"@id\":\"https:\\\/\\\/secure.gravatar.com\\\/avatar\\\/f7655d2eed62d9cb556607e7c1f7e9df6391e215c10094bec34dee201a17929b?s=96&d=mm&r=g\",\"url\":\"https:\\\/\\\/secure.gravatar.com\\\/avatar\\\/f7655d2eed62d9cb556607e7c1f7e9df6391e215c10094bec34dee201a17929b?s=96&d=mm&r=g\",\"contentUrl\":\"https:\\\/\\\/secure.gravatar.com\\\/avatar\\\/f7655d2eed62d9cb556607e7c1f7e9df6391e215c10094bec34dee201a17929b?s=96&d=mm&r=g\",\"caption\":\"Margaryta Kondratenko\"},\"sameAs\":[\"https:\\\/\\\/drzewo.ua\"],\"url\":\"https:\\\/\\\/drzewo.ua\\\/pl\\\/author\\\/marharyta\\\/\"}]}<\/script>\n<!-- \/ Yoast SEO plugin. -->","yoast_head_json":{"title":"Dofinansowanie z Kancelarii Senatu Rzeczypospolitej Polskiej - Polskie Centrum Kulturalno-Edukacyjne Drzewo","robots":{"index":"index","follow":"follow","max-snippet":"max-snippet:-1","max-image-preview":"max-image-preview:large","max-video-preview":"max-video-preview:-1"},"canonical":"https:\/\/drzewo.ua\/blog\/dofinansowanie-z-kancelarii-senatu-rzeczypospolitej-polskiej\/","og_locale":"pl_PL","og_type":"article","og_title":"Dofinansowanie z Kancelarii Senatu Rzeczypospolitej Polskiej - Polskie Centrum Kulturalno-Edukacyjne Drzewo","og_url":"https:\/\/drzewo.ua\/blog\/dofinansowanie-z-kancelarii-senatu-rzeczypospolitej-polskiej\/","og_site_name":"Polskie Centrum Kulturalno-Edukacyjne Drzewo","article_publisher":"https:\/\/www.facebook.com\/drzewo.polski\/","article_published_time":"2025-09-03T11:14:57+00:00","article_modified_time":"2025-09-03T12:08:56+00:00","og_image":[{"width":740,"height":538,"url":"https:\/\/media.drzewo.ua\/wp-content\/uploads\/2025\/08\/21153208\/%D0%97%D0%BD%D1%96%D0%BC%D0%BE%D0%BA-%D0%B5%D0%BA%D1%80%D0%B0%D0%BD%D0%B0-2025-08-21-%D0%BE-15.31.53.png","type":"image\/png"}],"author":"Margaryta Kondratenko","twitter_card":"summary_large_image","twitter_misc":{"Napisane przez":"Margaryta Kondratenko","Szacowany czas czytania":"2 minuty"},"schema":{"@context":"https:\/\/schema.org","@graph":[{"@type":"Article","@id":"https:\/\/drzewo.ua\/blog\/dofinansowanie-z-kancelarii-senatu-rzeczypospolitej-polskiej\/#article","isPartOf":{"@id":"https:\/\/drzewo.ua\/blog\/dofinansowanie-z-kancelarii-senatu-rzeczypospolitej-polskiej\/"},"author":{"name":"Margaryta Kondratenko","@id":"https:\/\/drzewo.ua\/#\/schema\/person\/e61b3fc5aef08e2b060978750d8c07d7"},"headline":"Dofinansowanie z Kancelarii Senatu Rzeczypospolitej Polskiej","datePublished":"2025-09-03T11:14:57+00:00","dateModified":"2025-09-03T12:08:56+00:00","mainEntityOfPage":{"@id":"https:\/\/drzewo.ua\/blog\/dofinansowanie-z-kancelarii-senatu-rzeczypospolitej-polskiej\/"},"wordCount":149,"publisher":{"@id":"https:\/\/drzewo.ua\/#organization"},"image":{"@id":"https:\/\/drzewo.ua\/blog\/dofinansowanie-z-kancelarii-senatu-rzeczypospolitej-polskiej\/#primaryimage"},"thumbnailUrl":"https:\/\/media.drzewo.ua\/wp-content\/uploads\/2025\/08\/21153208\/%D0%97%D0%BD%D1%96%D0%BC%D0%BE%D0%BA-%D0%B5%D0%BA%D1%80%D0%B0%D0%BD%D0%B0-2025-08-21-%D0%BE-15.31.53.png","articleSection":["Wiadomo\u015bci"],"inLanguage":"pl-PL"},{"@type":"WebPage","@id":"https:\/\/drzewo.ua\/blog\/dofinansowanie-z-kancelarii-senatu-rzeczypospolitej-polskiej\/","url":"https:\/\/drzewo.ua\/blog\/dofinansowanie-z-kancelarii-senatu-rzeczypospolitej-polskiej\/","name":"Dofinansowanie z Kancelarii Senatu Rzeczypospolitej Polskiej - Polskie Centrum Kulturalno-Edukacyjne Drzewo","isPartOf":{"@id":"https:\/\/drzewo.ua\/#website"},"primaryImageOfPage":{"@id":"https:\/\/drzewo.ua\/blog\/dofinansowanie-z-kancelarii-senatu-rzeczypospolitej-polskiej\/#primaryimage"},"image":{"@id":"https:\/\/drzewo.ua\/blog\/dofinansowanie-z-kancelarii-senatu-rzeczypospolitej-polskiej\/#primaryimage"},"thumbnailUrl":"https:\/\/media.drzewo.ua\/wp-content\/uploads\/2025\/08\/21153208\/%D0%97%D0%BD%D1%96%D0%BC%D0%BE%D0%BA-%D0%B5%D0%BA%D1%80%D0%B0%D0%BD%D0%B0-2025-08-21-%D0%BE-15.31.53.png","datePublished":"2025-09-03T11:14:57+00:00","dateModified":"2025-09-03T12:08:56+00:00","breadcrumb":{"@id":"https:\/\/drzewo.ua\/blog\/dofinansowanie-z-kancelarii-senatu-rzeczypospolitej-polskiej\/#breadcrumb"},"inLanguage":"pl-PL","potentialAction":[{"@type":"ReadAction","target":["https:\/\/drzewo.ua\/blog\/dofinansowanie-z-kancelarii-senatu-rzeczypospolitej-polskiej\/"]}]},{"@type":"ImageObject","inLanguage":"pl-PL","@id":"https:\/\/drzewo.ua\/blog\/dofinansowanie-z-kancelarii-senatu-rzeczypospolitej-polskiej\/#primaryimage","url":"https:\/\/media.drzewo.ua\/wp-content\/uploads\/2025\/08\/21153208\/%D0%97%D0%BD%D1%96%D0%BC%D0%BE%D0%BA-%D0%B5%D0%BA%D1%80%D0%B0%D0%BD%D0%B0-2025-08-21-%D0%BE-15.31.53.png","contentUrl":"https:\/\/media.drzewo.ua\/wp-content\/uploads\/2025\/08\/21153208\/%D0%97%D0%BD%D1%96%D0%BC%D0%BE%D0%BA-%D0%B5%D0%BA%D1%80%D0%B0%D0%BD%D0%B0-2025-08-21-%D0%BE-15.31.53.png","width":740,"height":538},{"@type":"BreadcrumbList","@id":"https:\/\/drzewo.ua\/blog\/dofinansowanie-z-kancelarii-senatu-rzeczypospolitej-polskiej\/#breadcrumb","itemListElement":[{"@type":"ListItem","position":1,"name":"Home","item":"https:\/\/drzewo.ua\/"},{"@type":"ListItem","position":2,"name":"Dofinansowanie z Kancelarii Senatu Rzeczypospolitej Polskiej"}]},{"@type":"WebSite","@id":"https:\/\/drzewo.ua\/#website","url":"https:\/\/drzewo.ua\/","name":"Polskie Centrum Kulturalno-Edukacyjne Drzewo","description":"J\u0119zyk polski","publisher":{"@id":"https:\/\/drzewo.ua\/#organization"},"potentialAction":[{"@type":"SearchAction","target":{"@type":"EntryPoint","urlTemplate":"https:\/\/drzewo.ua\/?s={search_term_string}"},"query-input":{"@type":"PropertyValueSpecification","valueRequired":true,"valueName":"search_term_string"}}],"inLanguage":"pl-PL"},{"@type":"Organization","@id":"https:\/\/drzewo.ua\/#organization","name":"Polskie Centrum Kulturalno-Edukacyjne \"Drzewo\"","url":"https:\/\/drzewo.ua\/","logo":{"@type":"ImageObject","inLanguage":"pl-PL","@id":"https:\/\/drzewo.ua\/#\/schema\/logo\/image\/","url":"https:\/\/drevo-online.com\/wp-content\/uploads\/2018\/12\/banner.jpg","contentUrl":"https:\/\/drevo-online.com\/wp-content\/uploads\/2018\/12\/banner.jpg","width":1280,"height":323,"caption":"Polskie Centrum Kulturalno-Edukacyjne \"Drzewo\""},"image":{"@id":"https:\/\/drzewo.ua\/#\/schema\/logo\/image\/"},"sameAs":["https:\/\/www.facebook.com\/drzewo.polski\/","https:\/\/www.instagram.com\/drzewo.online\/"]},{"@type":"Person","@id":"https:\/\/drzewo.ua\/#\/schema\/person\/e61b3fc5aef08e2b060978750d8c07d7","name":"Margaryta Kondratenko","image":{"@type":"ImageObject","inLanguage":"pl-PL","@id":"https:\/\/secure.gravatar.com\/avatar\/f7655d2eed62d9cb556607e7c1f7e9df6391e215c10094bec34dee201a17929b?s=96&d=mm&r=g","url":"https:\/\/secure.gravatar.com\/avatar\/f7655d2eed62d9cb556607e7c1f7e9df6391e215c10094bec34dee201a17929b?s=96&d=mm&r=g","contentUrl":"https:\/\/secure.gravatar.com\/avatar\/f7655d2eed62d9cb556607e7c1f7e9df6391e215c10094bec34dee201a17929b?s=96&d=mm&r=g","caption":"Margaryta Kondratenko"},"sameAs":["https:\/\/drzewo.ua"],"url":"https:\/\/drzewo.ua\/pl\/author\/marharyta\/"}]}},"jetpack_featured_media_url":"https:\/\/media.drzewo.ua\/wp-content\/uploads\/2025\/08\/21153208\/%D0%97%D0%BD%D1%96%D0%BC%D0%BE%D0%BA-%D0%B5%D0%BA%D1%80%D0%B0%D0%BD%D0%B0-2025-08-21-%D0%BE-15.31.53.png","jetpack_sharing_enabled":true,"_links":{"self":[{"href":"https:\/\/drzewo.ua\/pl\/wp-json\/wp\/v2\/posts\/6682","targetHints":{"allow":["GET"]}}],"collection":[{"href":"https:\/\/drzewo.ua\/pl\/wp-json\/wp\/v2\/posts"}],"about":[{"href":"https:\/\/drzewo.ua\/pl\/wp-json\/wp\/v2\/types\/post"}],"author":[{"embeddable":true,"href":"https:\/\/drzewo.ua\/pl\/wp-json\/wp\/v2\/users\/2"}],"replies":[{"embeddable":true,"href":"https:\/\/drzewo.ua\/pl\/wp-json\/wp\/v2\/comments?post=6682"}],"version-history":[{"count":8,"href":"https:\/\/drzewo.ua\/pl\/wp-json\/wp\/v2\/posts\/6682\/revisions"}],"predecessor-version":[{"id":6693,"href":"https:\/\/drzewo.ua\/pl\/wp-json\/wp\/v2\/posts\/6682\/revisions\/6693"}],"wp:featuredmedia":[{"embeddable":true,"href":"https:\/\/drzewo.ua\/pl\/wp-json\/wp\/v2\/media\/6654"}],"wp:attachment":[{"href":"https:\/\/drzewo.ua\/pl\/wp-json\/wp\/v2\/media?parent=6682"}],"wp:term":[{"taxonomy":"category","embeddable":true,"href":"https:\/\/drzewo.ua\/pl\/wp-json\/wp\/v2\/categories?post=6682"},{"taxonomy":"post_tag","embeddable":true,"href":"https:\/\/drzewo.ua\/pl\/wp-json\/wp\/v2\/tags?post=6682"}],"curies":[{"name":"wp","href":"https:\/\/api.w.org\/{rel}","templated":true}]}}